{"id":63,"date":"2024-07-06T19:10:15","date_gmt":"2024-07-06T17:10:15","guid":{"rendered":"https:\/\/ilpoteredelrespiro.it\/blog\/?p=63"},"modified":"2024-07-06T19:20:43","modified_gmt":"2024-07-06T17:20:43","slug":"vivere-nel-qui-e-ora-per-una-maggiore-serenita","status":"publish","type":"post","link":"https:\/\/ilpoteredelrespiro.it\/blog\/index.php\/2024\/07\/06\/vivere-nel-qui-e-ora-per-una-maggiore-serenita\/","title":{"rendered":"Vivere nel Qui e Ora per una Maggiore Serenit\u00e0"},"content":{"rendered":"\n<p>Nella nostra societ\u00e0 \u00e8 tutto sempre pi\u00f9 veloce, e spesso non si considera l&#8217;importanza del vivere nel Qui e Ora. Si \u00e8 sempre di corsa e nel \u201cFare\u201d\u00a0 e questo porta ad essere proiettati con i pensieri a progettare e programmare la\u00a0 vita, pensando e ripensando le stesse cose infinite volte, senza stare nel Presente. <\/p>\n\n\n\n<p>Anche l\u2019avvento dei social ha contribuito a questa accelerazione, fornendo la possibilit\u00e0 di avere tante informazioni e contenuti utili in un clic. Questo distrae la mente dal vivere qui e ora e crea una realt\u00e0 virtuale, fittizia. Quante volte si cammina per la strada guardando il telefono anzich\u00e9 concentrarsi su quello che si sta facendo, cio\u00e8 camminare!<\/p>\n\n\n\n<p>Per aiutarci <strong>ad abbracciare il Vivere Qui e Ora<\/strong> suggerisco 10 modi semplici da applicare nella quotidianit\u00e0. Questo aiuta ad per essere pi\u00f9 presenti a s\u00e9 stessi e quietare i pensieri:<\/p>\n\n\n\n<ol class=\"wp-block-list\">\n<li>Iniziare la giornata facendo per 5 minuti\u00a0 dei respiri profondi, inspirando con il naso ed espirando profondamente con la bocca svuotando completamente i polmoni. Rimanere per qualche secondo in apnea, e poi ricominciare.<\/li>\n\n\n\n<li>Prendersi dei momenti durante la giornata per portare l\u2019attenzione al Respiro ascoltando in che punto del\u00a0 corpo\/apparato respiratorio si ferma. Rimanere in ascolto di questo punto e poi piano piano aumentare il respiro portandolo pi\u00f9 in profondit\u00e0.<\/li>\n\n\n\n<li>Mentre si compiono gli ordinari atti quotidiani osservare le mani, e le loro movenze,<\/li>\n\n\n\n<li>Camminando portare l\u2019attenzione alle piante dei piedi che appoggiano a terra, alle dita e ad ogni movimento del piede. Attuarlo sia in una camminata in mezzo alla natura o\u00a0 anche nei piccoli spostamenti al lavoro o in casa.<\/li>\n\n\n\n<li>Quando si mangia o beve qualcosa fare prima un bel respiro profondo, e poi assaporare il gusto, il calore, la consistenza di quello che si ingerisce sentendo le papille gustative, cercando di fare solo quello e non guardare la tv o il telefono!<\/li>\n\n\n\n<li>Prendersi cura del corpo applicando una crema dopo la doccia,\u00a0 dedicando 5 minuti per farlo con calma. Ascoltare il passaggio Amorevole delle mani in ogni centimetro della pelle.<\/li>\n\n\n\n<li>Fare le attivit\u00e0 quotidiane come lavarsi i denti, \u00a0preparare da mangiare o prendersi cura della casa portando tutta l\u2019attenzione a quello che si sta facendo.<\/li>\n\n\n\n<li>Parlando con le persone guardarle negli occhi.<\/li>\n\n\n\n<li>Accorgersi quando per la strada, in un giardino o in un vaso si vede un fiore.<\/li>\n\n\n\n<li>Essere consapevoli quando si passa sotto una porta di quello che si sta facendo, cio\u00e8 passare sotto una porta. Questo ci porta immediatamente nel qui e ora.<\/li>\n<\/ol>\n\n\n\n<p>\u201c<a href=\"https:\/\/ilpoteredelrespiro.it\/\" target=\"_blank\" rel=\"noreferrer noopener\">I<\/a><a href=\"https:\/\/ilpoteredelrespiro.it\/\">l Potere del Respiro<\/a>\u201d sottolinea l\u2019importanza del vivere nel Qui e Ora per una vita pi\u00f9 serena, piena e felice, ed il respiro \u00e8 lo strumento pi\u00f9 importante che c\u2019\u00e8 per aiutarsi ad abbracciare questa filosofia di vita.<\/p>\n","protected":false},"excerpt":{"rendered":"<p>Nella nostra societ\u00e0 \u00e8 tutto sempre pi\u00f9 veloce, e spesso non si considera l&#8217;importanza del vivere nel Qui e Ora. Si \u00e8 sempre di corsa e nel \u201cFare\u201d\u00a0 e questo <a href=\"https:\/\/ilpoteredelrespiro.it\/blog\/index.php\/2024\/07\/06\/vivere-nel-qui-e-ora-per-una-maggiore-serenita\/\" class=\"read-more-link\">Leggi di pi\u00f9..<\/a><\/p>\n","protected":false},"author":1,"featured_media":67,"comment_status":"open","ping_status":"open","sticky":false,"template":"","format":"standard","meta":{"footnotes":""},"categories":[1],"tags":[],"class_list":["post-63","post","type-post","status-publish","format-standard","has-post-thumbnail","hentry","category-benessere-emotivo-e-autostima"],"yoast_head":"<!-- This site is optimized with the Yoast SEO plugin v27.5 - https:\/\/yoast.com\/product\/yoast-seo-wordpress\/ -->\n<title>Vivere nel Qui e Ora per una Maggiore Serenit\u00e0 - Il Blog del Potere Del Respiro<\/title>\n<meta name=\"description\" content=\"Scopri l&#039;importanza di vivere nel qui e ora per una maggiore presenza, una vita pi\u00f9 piena e serena\" \/>\n<meta name=\"robots\" content=\"index, follow, max-snippet:-1, max-image-preview:large, max-video-preview:-1\" \/>\n<link rel=\"canonical\" href=\"https:\/\/ilpoteredelrespiro.it\/blog\/index.php\/2024\/07\/06\/vivere-nel-qui-e-ora-per-una-maggiore-serenita\/\" \/>\n<meta property=\"og:locale\" content=\"it_IT\" \/>\n<meta property=\"og:type\" content=\"article\" \/>\n<meta property=\"og:title\" content=\"Vivere nel Qui e Ora per una Maggiore Serenit\u00e0 - Il Blog del Potere Del Respiro\" \/>\n<meta property=\"og:description\" content=\"Scopri l&#039;importanza di vivere nel qui e ora per una maggiore presenza, una vita pi\u00f9 piena e serena\" \/>\n<meta property=\"og:url\" content=\"https:\/\/ilpoteredelrespiro.it\/blog\/index.php\/2024\/07\/06\/vivere-nel-qui-e-ora-per-una-maggiore-serenita\/\" \/>\n<meta property=\"og:site_name\" content=\"Il Blog del Potere Del Respiro\" \/>\n<meta property=\"article:published_time\" content=\"2024-07-06T17:10:15+00:00\" \/>\n<meta property=\"article:modified_time\" content=\"2024-07-06T17:20:43+00:00\" \/>\n<meta property=\"og:image\" content=\"https:\/\/ilpoteredelrespiro.it\/blog\/wp-content\/uploads\/2024\/07\/1720286092776-scaled.jpg\" \/>\n\t<meta property=\"og:image:width\" content=\"2560\" \/>\n\t<meta property=\"og:image:height\" content=\"1920\" \/>\n\t<meta property=\"og:image:type\" content=\"image\/jpeg\" \/>\n<meta name=\"author\" content=\"Admin\" \/>\n<meta name=\"twitter:card\" content=\"summary_large_image\" \/>\n<meta name=\"twitter:label1\" content=\"Scritto da\" \/>\n\t<meta name=\"twitter:data1\" content=\"Admin\" \/>\n\t<meta name=\"twitter:label2\" content=\"Tempo di lettura stimato\" \/>\n\t<meta name=\"twitter:data2\" content=\"3 minuti\" \/>\n<script type=\"application\/ld+json\" class=\"yoast-schema-graph\">{\"@context\":\"https:\\\/\\\/schema.org\",\"@graph\":[{\"@type\":\"Article\",\"@id\":\"https:\\\/\\\/ilpoteredelrespiro.it\\\/blog\\\/index.php\\\/2024\\\/07\\\/06\\\/vivere-nel-qui-e-ora-per-una-maggiore-serenita\\\/#article\",\"isPartOf\":{\"@id\":\"https:\\\/\\\/ilpoteredelrespiro.it\\\/blog\\\/index.php\\\/2024\\\/07\\\/06\\\/vivere-nel-qui-e-ora-per-una-maggiore-serenita\\\/\"},\"author\":{\"name\":\"Admin\",\"@id\":\"https:\\\/\\\/ilpoteredelrespiro.it\\\/blog\\\/#\\\/schema\\\/person\\\/88269129e9d181c038da14201e8817f0\"},\"headline\":\"Vivere nel Qui e Ora per una Maggiore Serenit\u00e0\",\"datePublished\":\"2024-07-06T17:10:15+00:00\",\"dateModified\":\"2024-07-06T17:20:43+00:00\",\"mainEntityOfPage\":{\"@id\":\"https:\\\/\\\/ilpoteredelrespiro.it\\\/blog\\\/index.php\\\/2024\\\/07\\\/06\\\/vivere-nel-qui-e-ora-per-una-maggiore-serenita\\\/\"},\"wordCount\":460,\"commentCount\":0,\"publisher\":{\"@id\":\"https:\\\/\\\/ilpoteredelrespiro.it\\\/blog\\\/#organization\"},\"image\":{\"@id\":\"https:\\\/\\\/ilpoteredelrespiro.it\\\/blog\\\/index.php\\\/2024\\\/07\\\/06\\\/vivere-nel-qui-e-ora-per-una-maggiore-serenita\\\/#primaryimage\"},\"thumbnailUrl\":\"https:\\\/\\\/ilpoteredelrespiro.it\\\/blog\\\/wp-content\\\/uploads\\\/2024\\\/07\\\/1720286092776-scaled.jpg\",\"articleSection\":[\"Benessere Emotivo e Autostima\"],\"inLanguage\":\"it-IT\",\"potentialAction\":[{\"@type\":\"CommentAction\",\"name\":\"Comment\",\"target\":[\"https:\\\/\\\/ilpoteredelrespiro.it\\\/blog\\\/index.php\\\/2024\\\/07\\\/06\\\/vivere-nel-qui-e-ora-per-una-maggiore-serenita\\\/#respond\"]}]},{\"@type\":\"WebPage\",\"@id\":\"https:\\\/\\\/ilpoteredelrespiro.it\\\/blog\\\/index.php\\\/2024\\\/07\\\/06\\\/vivere-nel-qui-e-ora-per-una-maggiore-serenita\\\/\",\"url\":\"https:\\\/\\\/ilpoteredelrespiro.it\\\/blog\\\/index.php\\\/2024\\\/07\\\/06\\\/vivere-nel-qui-e-ora-per-una-maggiore-serenita\\\/\",\"name\":\"Vivere nel Qui e Ora per una Maggiore Serenit\u00e0 - Il Blog del Potere Del Respiro\",\"isPartOf\":{\"@id\":\"https:\\\/\\\/ilpoteredelrespiro.it\\\/blog\\\/#website\"},\"primaryImageOfPage\":{\"@id\":\"https:\\\/\\\/ilpoteredelrespiro.it\\\/blog\\\/index.php\\\/2024\\\/07\\\/06\\\/vivere-nel-qui-e-ora-per-una-maggiore-serenita\\\/#primaryimage\"},\"image\":{\"@id\":\"https:\\\/\\\/ilpoteredelrespiro.it\\\/blog\\\/index.php\\\/2024\\\/07\\\/06\\\/vivere-nel-qui-e-ora-per-una-maggiore-serenita\\\/#primaryimage\"},\"thumbnailUrl\":\"https:\\\/\\\/ilpoteredelrespiro.it\\\/blog\\\/wp-content\\\/uploads\\\/2024\\\/07\\\/1720286092776-scaled.jpg\",\"datePublished\":\"2024-07-06T17:10:15+00:00\",\"dateModified\":\"2024-07-06T17:20:43+00:00\",\"description\":\"Scopri l'importanza di vivere nel qui e ora per una maggiore presenza, una vita pi\u00f9 piena e serena\",\"breadcrumb\":{\"@id\":\"https:\\\/\\\/ilpoteredelrespiro.it\\\/blog\\\/index.php\\\/2024\\\/07\\\/06\\\/vivere-nel-qui-e-ora-per-una-maggiore-serenita\\\/#breadcrumb\"},\"inLanguage\":\"it-IT\",\"potentialAction\":[{\"@type\":\"ReadAction\",\"target\":[\"https:\\\/\\\/ilpoteredelrespiro.it\\\/blog\\\/index.php\\\/2024\\\/07\\\/06\\\/vivere-nel-qui-e-ora-per-una-maggiore-serenita\\\/\"]}]},{\"@type\":\"ImageObject\",\"inLanguage\":\"it-IT\",\"@id\":\"https:\\\/\\\/ilpoteredelrespiro.it\\\/blog\\\/index.php\\\/2024\\\/07\\\/06\\\/vivere-nel-qui-e-ora-per-una-maggiore-serenita\\\/#primaryimage\",\"url\":\"https:\\\/\\\/ilpoteredelrespiro.it\\\/blog\\\/wp-content\\\/uploads\\\/2024\\\/07\\\/1720286092776-scaled.jpg\",\"contentUrl\":\"https:\\\/\\\/ilpoteredelrespiro.it\\\/blog\\\/wp-content\\\/uploads\\\/2024\\\/07\\\/1720286092776-scaled.jpg\",\"width\":2560,\"height\":1920},{\"@type\":\"BreadcrumbList\",\"@id\":\"https:\\\/\\\/ilpoteredelrespiro.it\\\/blog\\\/index.php\\\/2024\\\/07\\\/06\\\/vivere-nel-qui-e-ora-per-una-maggiore-serenita\\\/#breadcrumb\",\"itemListElement\":[{\"@type\":\"ListItem\",\"position\":1,\"name\":\"Home\",\"item\":\"https:\\\/\\\/ilpoteredelrespiro.it\\\/blog\\\/\"},{\"@type\":\"ListItem\",\"position\":2,\"name\":\"Vivere nel Qui e Ora per una Maggiore Serenit\u00e0\"}]},{\"@type\":\"WebSite\",\"@id\":\"https:\\\/\\\/ilpoteredelrespiro.it\\\/blog\\\/#website\",\"url\":\"https:\\\/\\\/ilpoteredelrespiro.it\\\/blog\\\/\",\"name\":\"Il Blog del Potere Del Respiro\",\"description\":\"Il Blog del Potere Del Respiro\",\"publisher\":{\"@id\":\"https:\\\/\\\/ilpoteredelrespiro.it\\\/blog\\\/#organization\"},\"potentialAction\":[{\"@type\":\"SearchAction\",\"target\":{\"@type\":\"EntryPoint\",\"urlTemplate\":\"https:\\\/\\\/ilpoteredelrespiro.it\\\/blog\\\/?s={search_term_string}\"},\"query-input\":{\"@type\":\"PropertyValueSpecification\",\"valueRequired\":true,\"valueName\":\"search_term_string\"}}],\"inLanguage\":\"it-IT\"},{\"@type\":\"Organization\",\"@id\":\"https:\\\/\\\/ilpoteredelrespiro.it\\\/blog\\\/#organization\",\"name\":\"Il Blog del Potere Del Respiro\",\"url\":\"https:\\\/\\\/ilpoteredelrespiro.it\\\/blog\\\/\",\"logo\":{\"@type\":\"ImageObject\",\"inLanguage\":\"it-IT\",\"@id\":\"https:\\\/\\\/ilpoteredelrespiro.it\\\/blog\\\/#\\\/schema\\\/logo\\\/image\\\/\",\"url\":\"https:\\\/\\\/ilpoteredelrespiro.it\\\/blog\\\/wp-content\\\/uploads\\\/2024\\\/03\\\/cropped-il-potere-del-respiro-logo.jpg\",\"contentUrl\":\"https:\\\/\\\/ilpoteredelrespiro.it\\\/blog\\\/wp-content\\\/uploads\\\/2024\\\/03\\\/cropped-il-potere-del-respiro-logo.jpg\",\"width\":1593,\"height\":487,\"caption\":\"Il Blog del Potere Del Respiro\"},\"image\":{\"@id\":\"https:\\\/\\\/ilpoteredelrespiro.it\\\/blog\\\/#\\\/schema\\\/logo\\\/image\\\/\"}},{\"@type\":\"Person\",\"@id\":\"https:\\\/\\\/ilpoteredelrespiro.it\\\/blog\\\/#\\\/schema\\\/person\\\/88269129e9d181c038da14201e8817f0\",\"name\":\"Admin\",\"image\":{\"@type\":\"ImageObject\",\"inLanguage\":\"it-IT\",\"@id\":\"https:\\\/\\\/secure.gravatar.com\\\/avatar\\\/ce544785c13814fd5cd67652044d2194c7cfb041c77cea8c26580bb0175bffd6?s=96&d=mm&r=g\",\"url\":\"https:\\\/\\\/secure.gravatar.com\\\/avatar\\\/ce544785c13814fd5cd67652044d2194c7cfb041c77cea8c26580bb0175bffd6?s=96&d=mm&r=g\",\"contentUrl\":\"https:\\\/\\\/secure.gravatar.com\\\/avatar\\\/ce544785c13814fd5cd67652044d2194c7cfb041c77cea8c26580bb0175bffd6?s=96&d=mm&r=g\",\"caption\":\"Admin\"},\"sameAs\":[\"https:\\\/\\\/ilpoteredelrespiro.it\\\/blog\"],\"url\":\"https:\\\/\\\/ilpoteredelrespiro.it\\\/blog\\\/index.php\\\/author\\\/admin\\\/\"}]}<\/script>\n<!-- \/ Yoast SEO plugin. -->","yoast_head_json":{"title":"Vivere nel Qui e Ora per una Maggiore Serenit\u00e0 - Il Blog del Potere Del Respiro","description":"Scopri l'importanza di vivere nel qui e ora per una maggiore presenza, una vita pi\u00f9 piena e serena","robots":{"index":"index","follow":"follow","max-snippet":"max-snippet:-1","max-image-preview":"max-image-preview:large","max-video-preview":"max-video-preview:-1"},"canonical":"https:\/\/ilpoteredelrespiro.it\/blog\/index.php\/2024\/07\/06\/vivere-nel-qui-e-ora-per-una-maggiore-serenita\/","og_locale":"it_IT","og_type":"article","og_title":"Vivere nel Qui e Ora per una Maggiore Serenit\u00e0 - Il Blog del Potere Del Respiro","og_description":"Scopri l'importanza di vivere nel qui e ora per una maggiore presenza, una vita pi\u00f9 piena e serena","og_url":"https:\/\/ilpoteredelrespiro.it\/blog\/index.php\/2024\/07\/06\/vivere-nel-qui-e-ora-per-una-maggiore-serenita\/","og_site_name":"Il Blog del Potere Del Respiro","article_published_time":"2024-07-06T17:10:15+00:00","article_modified_time":"2024-07-06T17:20:43+00:00","og_image":[{"width":2560,"height":1920,"url":"https:\/\/ilpoteredelrespiro.it\/blog\/wp-content\/uploads\/2024\/07\/1720286092776-scaled.jpg","type":"image\/jpeg"}],"author":"Admin","twitter_card":"summary_large_image","twitter_misc":{"Scritto da":"Admin","Tempo di lettura stimato":"3 minuti"},"schema":{"@context":"https:\/\/schema.org","@graph":[{"@type":"Article","@id":"https:\/\/ilpoteredelrespiro.it\/blog\/index.php\/2024\/07\/06\/vivere-nel-qui-e-ora-per-una-maggiore-serenita\/#article","isPartOf":{"@id":"https:\/\/ilpoteredelrespiro.it\/blog\/index.php\/2024\/07\/06\/vivere-nel-qui-e-ora-per-una-maggiore-serenita\/"},"author":{"name":"Admin","@id":"https:\/\/ilpoteredelrespiro.it\/blog\/#\/schema\/person\/88269129e9d181c038da14201e8817f0"},"headline":"Vivere nel Qui e Ora per una Maggiore Serenit\u00e0","datePublished":"2024-07-06T17:10:15+00:00","dateModified":"2024-07-06T17:20:43+00:00","mainEntityOfPage":{"@id":"https:\/\/ilpoteredelrespiro.it\/blog\/index.php\/2024\/07\/06\/vivere-nel-qui-e-ora-per-una-maggiore-serenita\/"},"wordCount":460,"commentCount":0,"publisher":{"@id":"https:\/\/ilpoteredelrespiro.it\/blog\/#organization"},"image":{"@id":"https:\/\/ilpoteredelrespiro.it\/blog\/index.php\/2024\/07\/06\/vivere-nel-qui-e-ora-per-una-maggiore-serenita\/#primaryimage"},"thumbnailUrl":"https:\/\/ilpoteredelrespiro.it\/blog\/wp-content\/uploads\/2024\/07\/1720286092776-scaled.jpg","articleSection":["Benessere Emotivo e Autostima"],"inLanguage":"it-IT","potentialAction":[{"@type":"CommentAction","name":"Comment","target":["https:\/\/ilpoteredelrespiro.it\/blog\/index.php\/2024\/07\/06\/vivere-nel-qui-e-ora-per-una-maggiore-serenita\/#respond"]}]},{"@type":"WebPage","@id":"https:\/\/ilpoteredelrespiro.it\/blog\/index.php\/2024\/07\/06\/vivere-nel-qui-e-ora-per-una-maggiore-serenita\/","url":"https:\/\/ilpoteredelrespiro.it\/blog\/index.php\/2024\/07\/06\/vivere-nel-qui-e-ora-per-una-maggiore-serenita\/","name":"Vivere nel Qui e Ora per una Maggiore Serenit\u00e0 - Il Blog del Potere Del Respiro","isPartOf":{"@id":"https:\/\/ilpoteredelrespiro.it\/blog\/#website"},"primaryImageOfPage":{"@id":"https:\/\/ilpoteredelrespiro.it\/blog\/index.php\/2024\/07\/06\/vivere-nel-qui-e-ora-per-una-maggiore-serenita\/#primaryimage"},"image":{"@id":"https:\/\/ilpoteredelrespiro.it\/blog\/index.php\/2024\/07\/06\/vivere-nel-qui-e-ora-per-una-maggiore-serenita\/#primaryimage"},"thumbnailUrl":"https:\/\/ilpoteredelrespiro.it\/blog\/wp-content\/uploads\/2024\/07\/1720286092776-scaled.jpg","datePublished":"2024-07-06T17:10:15+00:00","dateModified":"2024-07-06T17:20:43+00:00","description":"Scopri l'importanza di vivere nel qui e ora per una maggiore presenza, una vita pi\u00f9 piena e serena","breadcrumb":{"@id":"https:\/\/ilpoteredelrespiro.it\/blog\/index.php\/2024\/07\/06\/vivere-nel-qui-e-ora-per-una-maggiore-serenita\/#breadcrumb"},"inLanguage":"it-IT","potentialAction":[{"@type":"ReadAction","target":["https:\/\/ilpoteredelrespiro.it\/blog\/index.php\/2024\/07\/06\/vivere-nel-qui-e-ora-per-una-maggiore-serenita\/"]}]},{"@type":"ImageObject","inLanguage":"it-IT","@id":"https:\/\/ilpoteredelrespiro.it\/blog\/index.php\/2024\/07\/06\/vivere-nel-qui-e-ora-per-una-maggiore-serenita\/#primaryimage","url":"https:\/\/ilpoteredelrespiro.it\/blog\/wp-content\/uploads\/2024\/07\/1720286092776-scaled.jpg","contentUrl":"https:\/\/ilpoteredelrespiro.it\/blog\/wp-content\/uploads\/2024\/07\/1720286092776-scaled.jpg","width":2560,"height":1920},{"@type":"BreadcrumbList","@id":"https:\/\/ilpoteredelrespiro.it\/blog\/index.php\/2024\/07\/06\/vivere-nel-qui-e-ora-per-una-maggiore-serenita\/#breadcrumb","itemListElement":[{"@type":"ListItem","position":1,"name":"Home","item":"https:\/\/ilpoteredelrespiro.it\/blog\/"},{"@type":"ListItem","position":2,"name":"Vivere nel Qui e Ora per una Maggiore Serenit\u00e0"}]},{"@type":"WebSite","@id":"https:\/\/ilpoteredelrespiro.it\/blog\/#website","url":"https:\/\/ilpoteredelrespiro.it\/blog\/","name":"Il Blog del Potere Del Respiro","description":"Il Blog del Potere Del Respiro","publisher":{"@id":"https:\/\/ilpoteredelrespiro.it\/blog\/#organization"},"potentialAction":[{"@type":"SearchAction","target":{"@type":"EntryPoint","urlTemplate":"https:\/\/ilpoteredelrespiro.it\/blog\/?s={search_term_string}"},"query-input":{"@type":"PropertyValueSpecification","valueRequired":true,"valueName":"search_term_string"}}],"inLanguage":"it-IT"},{"@type":"Organization","@id":"https:\/\/ilpoteredelrespiro.it\/blog\/#organization","name":"Il Blog del Potere Del Respiro","url":"https:\/\/ilpoteredelrespiro.it\/blog\/","logo":{"@type":"ImageObject","inLanguage":"it-IT","@id":"https:\/\/ilpoteredelrespiro.it\/blog\/#\/schema\/logo\/image\/","url":"https:\/\/ilpoteredelrespiro.it\/blog\/wp-content\/uploads\/2024\/03\/cropped-il-potere-del-respiro-logo.jpg","contentUrl":"https:\/\/ilpoteredelrespiro.it\/blog\/wp-content\/uploads\/2024\/03\/cropped-il-potere-del-respiro-logo.jpg","width":1593,"height":487,"caption":"Il Blog del Potere Del Respiro"},"image":{"@id":"https:\/\/ilpoteredelrespiro.it\/blog\/#\/schema\/logo\/image\/"}},{"@type":"Person","@id":"https:\/\/ilpoteredelrespiro.it\/blog\/#\/schema\/person\/88269129e9d181c038da14201e8817f0","name":"Admin","image":{"@type":"ImageObject","inLanguage":"it-IT","@id":"https:\/\/secure.gravatar.com\/avatar\/ce544785c13814fd5cd67652044d2194c7cfb041c77cea8c26580bb0175bffd6?s=96&d=mm&r=g","url":"https:\/\/secure.gravatar.com\/avatar\/ce544785c13814fd5cd67652044d2194c7cfb041c77cea8c26580bb0175bffd6?s=96&d=mm&r=g","contentUrl":"https:\/\/secure.gravatar.com\/avatar\/ce544785c13814fd5cd67652044d2194c7cfb041c77cea8c26580bb0175bffd6?s=96&d=mm&r=g","caption":"Admin"},"sameAs":["https:\/\/ilpoteredelrespiro.it\/blog"],"url":"https:\/\/ilpoteredelrespiro.it\/blog\/index.php\/author\/admin\/"}]}},"_links":{"self":[{"href":"https:\/\/ilpoteredelrespiro.it\/blog\/index.php\/wp-json\/wp\/v2\/posts\/63","targetHints":{"allow":["GET"]}}],"collection":[{"href":"https:\/\/ilpoteredelrespiro.it\/blog\/index.php\/wp-json\/wp\/v2\/posts"}],"about":[{"href":"https:\/\/ilpoteredelrespiro.it\/blog\/index.php\/wp-json\/wp\/v2\/types\/post"}],"author":[{"embeddable":true,"href":"https:\/\/ilpoteredelrespiro.it\/blog\/index.php\/wp-json\/wp\/v2\/users\/1"}],"replies":[{"embeddable":true,"href":"https:\/\/ilpoteredelrespiro.it\/blog\/index.php\/wp-json\/wp\/v2\/comments?post=63"}],"version-history":[{"count":2,"href":"https:\/\/ilpoteredelrespiro.it\/blog\/index.php\/wp-json\/wp\/v2\/posts\/63\/revisions"}],"predecessor-version":[{"id":66,"href":"https:\/\/ilpoteredelrespiro.it\/blog\/index.php\/wp-json\/wp\/v2\/posts\/63\/revisions\/66"}],"wp:featuredmedia":[{"embeddable":true,"href":"https:\/\/ilpoteredelrespiro.it\/blog\/index.php\/wp-json\/wp\/v2\/media\/67"}],"wp:attachment":[{"href":"https:\/\/ilpoteredelrespiro.it\/blog\/index.php\/wp-json\/wp\/v2\/media?parent=63"}],"wp:term":[{"taxonomy":"category","embeddable":true,"href":"https:\/\/ilpoteredelrespiro.it\/blog\/index.php\/wp-json\/wp\/v2\/categories?post=63"},{"taxonomy":"post_tag","embeddable":true,"href":"https:\/\/ilpoteredelrespiro.it\/blog\/index.php\/wp-json\/wp\/v2\/tags?post=63"}],"curies":[{"name":"wp","href":"https:\/\/api.w.org\/{rel}","templated":true}]}}